[{"@context":"https:\/\/schema.org\/","@type":"Article","@id":"https:\/\/www.lulalu.cz\/cekani-na-lekare\/#Article","mainEntityOfPage":"https:\/\/www.lulalu.cz\/cekani-na-lekare\/","headline":"\u010cek\u00e1n\u00ed na l\u00e9ka\u0159e","name":"\u010cek\u00e1n\u00ed na l\u00e9ka\u0159e","description":"Na st\u011bn\u00e1ch \u010dek\u00e1rny visely \u010dernob\u00edl\u00e9 obrazy a ji to p\u0159inutilo p\u0159em\u00fd\u0161let o mo\u017en\u00e9 budoucnosti. Jak\u00fd asi bude jej\u00ed syn, a\u017e se narod\u00ed? Bude z n\u011bj \u017eensk\u00fd l\u00e9ka\u0159, jako ten, kter\u00fd ji m\u00e1 za p\u00e1r minut p\u0159ijmout ve sv\u00e9 ordinaci? Jej\u00ed o\u010di se p\u0159esunou na asistentku, kter\u00e1 p\u0159ij\u00edm\u00e1 pacienty a vyb\u00edr\u00e1 data n\u00e1v\u0161t\u011bv \u2013 nebo mo\u017en\u00e1 [&hellip;]","datePublished":"2025-03-13","dateModified":"2025-03-13","author":{"@type":"Person","@id":"https:\/\/www.lulalu.cz\/author\/#Person","name":"","url":"https:\/\/www.lulalu.cz\/author\/","identifier":1,"image":{"@type":"ImageObject","@id":"https:\/\/secure.gravatar.com\/avatar\/b70ca3e57a61efa655568ea1bab21ec867ae74beaf8b182b9ca53fe6fcb8cee7?s=96&d=mm&r=g","url":"https:\/\/secure.gravatar.com\/avatar\/b70ca3e57a61efa655568ea1bab21ec867ae74beaf8b182b9ca53fe6fcb8cee7?s=96&d=mm&r=g","height":96,"width":96}},"publisher":{"@type":"Organization","name":"lulalu.cz","logo":{"@type":"ImageObject","@id":"\/logo.png","url":"\/logo.png","width":600,"height":60}},"url":"https:\/\/www.lulalu.cz\/cekani-na-lekare\/","wordCount":175,"articleBody":"Na st\u011bn\u00e1ch \u010dek\u00e1rny visely \u010dernob\u00edl\u00e9 obrazy a ji to p\u0159inutilo p\u0159em\u00fd\u0161let o mo\u017en\u00e9 budoucnosti. Jak\u00fd asi bude jej\u00ed syn, a\u017e se narod\u00ed? Bude z n\u011bj \u017eensk\u00fd l\u00e9ka\u0159, jako ten, kter\u00fd ji m\u00e1 za p\u00e1r minut p\u0159ijmout ve sv\u00e9 ordinaci? Jej\u00ed o\u010di se p\u0159esunou na asistentku, kter\u00e1 p\u0159ij\u00edm\u00e1 pacienty a vyb\u00edr\u00e1 data n\u00e1v\u0161t\u011bv \u2013 nebo mo\u017en\u00e1 bude asistent. Je\u0161t\u011b jednou se rozhl\u00e9dne po malb\u00e1ch v \u010dek\u00e1rn\u011b. Syn Mohl by to b\u00fdt um\u011blec nebo zp\u011bv\u00e1k nebo socha\u0159 nebo fotograf. A mo\u017en\u00e1 to nakonec nebude ani kluk. Mo\u017en\u00e1 se narod\u00ed ve \u0161patn\u00e9m t\u011ble a bude to hol\u010di\u010dka. Iren\u011b na tom nez\u00e1le\u017e\u00ed. Rozhodla se, \u017ee bude d\u00edt\u011b milovat, a\u0165 u\u017e bude jak\u00e9koli. Je j\u00ed jedno, jestli to bude gay nebo t\u0159eba pansexu\u00e1l, jestli bude nadan\u00fd na v\u011bdeck\u00e9 obory nebo na um\u011bn\u00ed \u2013 jenom chce, aby byl zdrav\u00fd.                                                                                                                                                                                                                                                                                                                                                                                        5\/5 - (1 vote)        "},{"@context":"https:\/\/schema.org\/","@type":"BreadcrumbList","itemListElement":[{"@type":"ListItem","position":1,"name":"\u010cek\u00e1n\u00ed na l\u00e9ka\u0159e","item":"https:\/\/www.lulalu.cz\/cekani-na-lekare\/#breadcrumbitem"}]}]