[{"@context":"https:\/\/schema.org\/","@type":"Article","@id":"https:\/\/www.lulalu.cz\/chcete-mit-skvelou-strechu\/#Article","mainEntityOfPage":"https:\/\/www.lulalu.cz\/chcete-mit-skvelou-strechu\/","headline":"Chcete m\u00edt skv\u011blou st\u0159echu?","name":"Chcete m\u00edt skv\u011blou st\u0159echu?","description":"St\u0159echa je d\u016fle\u017eit\u00e1 \u010d\u00e1st domu. Kdo by se obe\u0161el beze st\u0159echy nad hlavou? Asi nikdo. V dne\u0161n\u00ed dob\u011b je v\u00fdb\u011br st\u0159ech tak velk\u00fd, \u017ee je pot\u0159eba ud\u011blat koresponduj\u00edc\u00ed v\u00fdb\u011br oken. St\u0159e\u0161n\u00ed okna je proto d\u016fle\u017eit\u00e9 vybrat spr\u00e1vn\u00e9, abyste m\u011bli jistotu, \u017ee budou skv\u011ble pracovat a d\u00e1vat v\u00e1m to, co hled\u00e1te, co\u017e je kvalitn\u00ed a \u017e\u00e1dn\u00e9 [&hellip;]","datePublished":"2024-11-14","dateModified":"2024-11-14","author":{"@type":"Person","@id":"https:\/\/www.lulalu.cz\/author\/#Person","name":"","url":"https:\/\/www.lulalu.cz\/author\/","identifier":1,"image":{"@type":"ImageObject","@id":"https:\/\/secure.gravatar.com\/avatar\/b70ca3e57a61efa655568ea1bab21ec867ae74beaf8b182b9ca53fe6fcb8cee7?s=96&d=mm&r=g","url":"https:\/\/secure.gravatar.com\/avatar\/b70ca3e57a61efa655568ea1bab21ec867ae74beaf8b182b9ca53fe6fcb8cee7?s=96&d=mm&r=g","height":96,"width":96}},"publisher":{"@type":"Organization","name":"lulalu.cz","logo":{"@type":"ImageObject","@id":"\/logo.png","url":"\/logo.png","width":600,"height":60}},"url":"https:\/\/www.lulalu.cz\/chcete-mit-skvelou-strechu\/","wordCount":197,"articleBody":"St\u0159echa je d\u016fle\u017eit\u00e1 \u010d\u00e1st domu. Kdo by se obe\u0161el beze st\u0159echy nad hlavou? Asi nikdo. V dne\u0161n\u00ed dob\u011b je v\u00fdb\u011br st\u0159ech tak velk\u00fd, \u017ee je pot\u0159eba ud\u011blat koresponduj\u00edc\u00ed v\u00fdb\u011br oken. St\u0159e\u0161n\u00ed okna je proto d\u016fle\u017eit\u00e9 vybrat spr\u00e1vn\u00e9, abyste m\u011bli jistotu, \u017ee budou skv\u011ble pracovat a d\u00e1vat v\u00e1m to, co hled\u00e1te, co\u017e je kvalitn\u00ed a \u017e\u00e1dn\u00e9 probl\u00e9my. D\u00edky n\u00e1m si m\u016f\u017eete takov\u00fdch oken u\u017e\u00edt, proto\u017ee v\u00e1m nab\u00edz\u00edme kvalitn\u00ed za skv\u011bl\u00e9 ceny, co\u017e pozn\u00e1te sami p\u0159i v\u00fdb\u011bru.Lep\u0161\u00ed okna pr\u00e1v\u011b pro v\u00e1sAbychom v\u00e1s neo\u0161idili o cenn\u00e9 vlastnosti oken, v\u016fbec na nich ne\u0161et\u0159\u00edme, ale na druhou stranu se sna\u017e\u00edme ceny dr\u017eet p\u0159\u00edjemn\u011b n\u00edzk\u00e9, abychom zajistili kvalitu. V\u011b\u0159te, \u017ee kdy\u017e si vyberte okna pr\u00e1v\u011b u n\u00e1s, nebudete litovat, proto\u017ee kvalitn\u00ed okna se vyzna\u010duj\u00ed hlavn\u011b dobr\u00fdmi vlastnosti, a \u017e\u00e1dn\u00fdmi probl\u00e9my, kter\u00e9 by v\u00e1s mohli p\u0159i pou\u017e\u00edv\u00e1n\u00ed potkat.                                                                                                                                                                                                                                                                                                                                                                                        3.7\/5 - (3 votes)        "},{"@context":"https:\/\/schema.org\/","@type":"BreadcrumbList","itemListElement":[{"@type":"ListItem","position":1,"name":"Chcete m\u00edt skv\u011blou st\u0159echu?","item":"https:\/\/www.lulalu.cz\/chcete-mit-skvelou-strechu\/#breadcrumbitem"}]}]